{"id":129,"date":"2017-04-28T19:21:51","date_gmt":"2017-04-28T19:21:51","guid":{"rendered":"http:\/\/kuitu16.fi\/?p=129"},"modified":"2017-04-28T19:21:51","modified_gmt":"2017-04-28T19:21:51","slug":"infotilaisuus-ja-osuuskunnan-vuosikokous","status":"publish","type":"post","link":"https:\/\/kuitu16.fi\/index.php\/2017\/04\/28\/infotilaisuus-ja-osuuskunnan-vuosikokous\/","title":{"rendered":"Infotilaisuus ja Osuuskunnan vuosikokous"},"content":{"rendered":"<p>Torstaina pidettiin sek\u00e4 osuuskunnan s\u00e4\u00e4nt\u00f6m\u00e4\u00e4r\u00e4inen vuosikokous, ett\u00e4 yleinen infotilaisuus hankkeeseen liittyen.<\/p>\n<h2>Osuuskunnan kokous<\/h2>\n<p>Osuuskunnan kokouksessa vahvistettiin edellisen tilikauden tilinp\u00e4\u00e4t\u00f6s sek\u00e4 valittiin osuuskunnalle uusi hallitus. Mika \u00c5gren j\u00e4tt\u00e4ytyi pois hallituksesta, mutta muutoin vanha hallitus jatkaa teht\u00e4viss\u00e4\u00e4n. Rahastonhoitajana toiminut Timo Kauppila valittiin hallituksen varaj\u00e4seneksi.<\/p>\n<h2>Infotilaisuus<\/h2>\n<p>Infotilaisuuden vieraaksi saapui tietotekniikan asiantuntija Petteri J\u00e4rvinen, joka houkutteli paikalla nelisenkymment\u00e4 osallistujaa. H\u00e4n kertoi tiedonsiirron historiaa ja sen j\u00e4lkeen ilta keskittyi valokuitutekniikan k\u00e4yt\u00e4nn\u00f6n hy\u00f6tyjen esittelyyn. Nykyiset ADSL- ja mobiiliyhteydet riitt\u00e4v\u00e4t viel\u00e4 v\u00e4ltt\u00e4v\u00e4sti perusk\u00e4ytt\u00f6\u00f6n, mutta k\u00e4yt\u00e4nn\u00f6ss\u00e4 tehokas et\u00e4ty\u00f6 ja viihdek\u00e4ytt\u00f6 ei ole mahdollista hitaan nopeuden vuoksi. Tulevaisuuden yhteystarpeisiin valokuitu on ainoa vaihtoehto, koska mobiilidatan nopeutta ei voida nostaa fysiikan lakien tullessa vastaan.<\/p>\n[vrview img=&#8221;http:\/\/kuitu16.fi\/wpkansio\/wp-content\/uploads\/2017\/04\/SAM_100_0046.jpeg&#8221; ]\n<p>Lis\u00e4infoa l\u00f6ytyy Facebookista Kuitu16 -ryhm\u00e4st\u00e4, joka on avoin kaikille verkkoon liittymisest\u00e4 kiinnostuneille.<\/p>\n<h2>Kuituliittym\u00e4n hinta<\/h2>\n<p>Kuituliittym\u00e4n hinta asettuu t\u00e4m\u00e4nhetkisen arvion mukaan noin 1500 euroon hankkeen saaman Ely-keskuksen my\u00f6nt\u00e4m\u00e4n tuen ansiosta. Tuen saamisen ehtona on kunnan osallistuminen hankkeeseen, josta kunnanvaltuusto tekee p\u00e4\u00e4t\u00f6ksen 30.5.2017.<\/p>\n<p>Kuituliittym\u00e4n hinta muodostuu Ely-tukikelpoisesta runkoverkon osuudesta. Hinta 990\u20ac maksetaan osuuskunnalle. Tukiehtojen mukaan ns. &#8220;viimeinen 100m&#8221; ei ole tukikelpoista, joten jokainen maksaa t\u00e4m\u00e4n tonttiosuuden itse suoraan urakoitsijalle. Hinnaksi muodostuu n. 500\u20ac ja ty\u00f6n osuudelle on mahdollista saada kotitalousv\u00e4hennyst\u00e4.<\/p>\n<p>Osuuskunta hallinnoi ainoastaan passiivista kuituverkkoa, ja valitsemme kev\u00e4\u00e4n aikana operaattorin hallinnoimaan aktiiviverkkoa sek\u00e4 tarjottavia palveluita. Siten my\u00f6s k\u00e4ytt\u00f6maksu jakautuu kahteen osaan. Osuuskunnan kuukausittainen k\u00e4ytt\u00f6maksu on alustavasti 10\u20ac\/kk. Sen lis\u00e4ksi k\u00e4ytt\u00e4j\u00e4 valitsee haluamansa palvelut mielens\u00e4 mukaan: esimerkiksi symmetrinen 100\/100 Mbps yhteys maksaa alle 20\u20ac\/kk. Siten kuukausimaksu j\u00e4\u00e4 kokonaisuudessaan alle 30\u20ac\/kk tasolle.<\/p>\n<p>Julkistamme lopulliset liittym\u00e4hinnat <strong>kes\u00e4kuun alussa<\/strong> kunnan tuen varmistuttua 30.5.2017.<\/p>\n","protected":false},"excerpt":{"rendered":"<p>Torstaina pidettiin sek\u00e4 osuuskunnan s\u00e4\u00e4nt\u00f6m\u00e4\u00e4r\u00e4inen vuosikokous, ett\u00e4 yleinen infotilaisuus hankkeeseen liittyen. Osuuskunnan kokous Osuuskunnan kokouksessa vahvistettiin edellisen tilikauden tilinp\u00e4\u00e4t\u00f6s sek\u00e4&hellip;<\/p>\n","protected":false},"author":1,"featured_media":134,"comment_status":"open","ping_status":"open","sticky":false,"template":"","format":"standard","meta":{"footnotes":""},"categories":[3],"tags":[],"class_list":["post-129","post","type-post","status-publish","format-standard","has-post-thumbnail","hentry","category-uutiset"],"yoast_head":"<!-- This site is optimized with the Yoast SEO plugin v27.1.1 - https:\/\/yoast.com\/product\/yoast-seo-wordpress\/ -->\n<title>Infotilaisuus ja Osuuskunnan vuosikokous - Kuitu16<\/title>\n<meta name=\"robots\" content=\"index, follow, max-snippet:-1, max-image-preview:large, max-video-preview:-1\" \/>\n<link rel=\"canonical\" href=\"https:\/\/kuitu16.fi\/index.php\/2017\/04\/28\/infotilaisuus-ja-osuuskunnan-vuosikokous\/\" \/>\n<meta property=\"og:locale\" content=\"en_US\" \/>\n<meta property=\"og:type\" content=\"article\" \/>\n<meta property=\"og:title\" content=\"Infotilaisuus ja Osuuskunnan vuosikokous - Kuitu16\" \/>\n<meta property=\"og:description\" content=\"Torstaina pidettiin sek\u00e4 osuuskunnan s\u00e4\u00e4nt\u00f6m\u00e4\u00e4r\u00e4inen vuosikokous, ett\u00e4 yleinen infotilaisuus hankkeeseen liittyen. Osuuskunnan kokous Osuuskunnan kokouksessa vahvistettiin edellisen tilikauden tilinp\u00e4\u00e4t\u00f6s sek\u00e4&hellip;\" \/>\n<meta property=\"og:url\" content=\"https:\/\/kuitu16.fi\/index.php\/2017\/04\/28\/infotilaisuus-ja-osuuskunnan-vuosikokous\/\" \/>\n<meta property=\"og:site_name\" content=\"Kuitu16\" \/>\n<meta property=\"article:published_time\" content=\"2017-04-28T19:21:51+00:00\" \/>\n<meta property=\"og:image\" content=\"https:\/\/kuitu16.fi\/wpkansio\/wp-content\/uploads\/2017\/04\/info.jpg\" \/>\n\t<meta property=\"og:image:width\" content=\"1920\" \/>\n\t<meta property=\"og:image:height\" content=\"1440\" \/>\n\t<meta property=\"og:image:type\" content=\"image\/jpeg\" \/>\n<meta name=\"author\" content=\"Joose Luukkanen\" \/>\n<meta name=\"twitter:card\" content=\"summary_large_image\" \/>\n<meta name=\"twitter:label1\" content=\"Written by\" \/>\n\t<meta name=\"twitter:data1\" content=\"Joose Luukkanen\" \/>\n\t<meta name=\"twitter:label2\" content=\"Est. reading time\" \/>\n\t<meta name=\"twitter:data2\" content=\"2 minutes\" \/>\n<script type=\"application\/ld+json\" class=\"yoast-schema-graph\">{\"@context\":\"https:\/\/schema.org\",\"@graph\":[{\"@type\":\"Article\",\"@id\":\"https:\/\/kuitu16.fi\/index.php\/2017\/04\/28\/infotilaisuus-ja-osuuskunnan-vuosikokous\/#article\",\"isPartOf\":{\"@id\":\"https:\/\/kuitu16.fi\/index.php\/2017\/04\/28\/infotilaisuus-ja-osuuskunnan-vuosikokous\/\"},\"author\":{\"name\":\"Joose Luukkanen\",\"@id\":\"https:\/\/kuitu16.fi\/#\/schema\/person\/dacf551cd5f6119679f6cd7eefc81388\"},\"headline\":\"Infotilaisuus ja Osuuskunnan vuosikokous\",\"datePublished\":\"2017-04-28T19:21:51+00:00\",\"mainEntityOfPage\":{\"@id\":\"https:\/\/kuitu16.fi\/index.php\/2017\/04\/28\/infotilaisuus-ja-osuuskunnan-vuosikokous\/\"},\"wordCount\":307,\"commentCount\":0,\"image\":{\"@id\":\"https:\/\/kuitu16.fi\/index.php\/2017\/04\/28\/infotilaisuus-ja-osuuskunnan-vuosikokous\/#primaryimage\"},\"thumbnailUrl\":\"https:\/\/kuitu16.fi\/wpkansio\/wp-content\/uploads\/2017\/04\/info.jpg\",\"articleSection\":[\"uutiset\"],\"inLanguage\":\"en-US\",\"potentialAction\":[{\"@type\":\"CommentAction\",\"name\":\"Comment\",\"target\":[\"https:\/\/kuitu16.fi\/index.php\/2017\/04\/28\/infotilaisuus-ja-osuuskunnan-vuosikokous\/#respond\"]}]},{\"@type\":\"WebPage\",\"@id\":\"https:\/\/kuitu16.fi\/index.php\/2017\/04\/28\/infotilaisuus-ja-osuuskunnan-vuosikokous\/\",\"url\":\"https:\/\/kuitu16.fi\/index.php\/2017\/04\/28\/infotilaisuus-ja-osuuskunnan-vuosikokous\/\",\"name\":\"Infotilaisuus ja Osuuskunnan vuosikokous - Kuitu16\",\"isPartOf\":{\"@id\":\"https:\/\/kuitu16.fi\/#website\"},\"primaryImageOfPage\":{\"@id\":\"https:\/\/kuitu16.fi\/index.php\/2017\/04\/28\/infotilaisuus-ja-osuuskunnan-vuosikokous\/#primaryimage\"},\"image\":{\"@id\":\"https:\/\/kuitu16.fi\/index.php\/2017\/04\/28\/infotilaisuus-ja-osuuskunnan-vuosikokous\/#primaryimage\"},\"thumbnailUrl\":\"https:\/\/kuitu16.fi\/wpkansio\/wp-content\/uploads\/2017\/04\/info.jpg\",\"datePublished\":\"2017-04-28T19:21:51+00:00\",\"author\":{\"@id\":\"https:\/\/kuitu16.fi\/#\/schema\/person\/dacf551cd5f6119679f6cd7eefc81388\"},\"breadcrumb\":{\"@id\":\"https:\/\/kuitu16.fi\/index.php\/2017\/04\/28\/infotilaisuus-ja-osuuskunnan-vuosikokous\/#breadcrumb\"},\"inLanguage\":\"en-US\",\"potentialAction\":[{\"@type\":\"ReadAction\",\"target\":[\"https:\/\/kuitu16.fi\/index.php\/2017\/04\/28\/infotilaisuus-ja-osuuskunnan-vuosikokous\/\"]}]},{\"@type\":\"ImageObject\",\"inLanguage\":\"en-US\",\"@id\":\"https:\/\/kuitu16.fi\/index.php\/2017\/04\/28\/infotilaisuus-ja-osuuskunnan-vuosikokous\/#primaryimage\",\"url\":\"https:\/\/kuitu16.fi\/wpkansio\/wp-content\/uploads\/2017\/04\/info.jpg\",\"contentUrl\":\"https:\/\/kuitu16.fi\/wpkansio\/wp-content\/uploads\/2017\/04\/info.jpg\",\"width\":1920,\"height\":1440},{\"@type\":\"BreadcrumbList\",\"@id\":\"https:\/\/kuitu16.fi\/index.php\/2017\/04\/28\/infotilaisuus-ja-osuuskunnan-vuosikokous\/#breadcrumb\",\"itemListElement\":[{\"@type\":\"ListItem\",\"position\":1,\"name\":\"Home\",\"item\":\"https:\/\/kuitu16.fi\/\"},{\"@type\":\"ListItem\",\"position\":2,\"name\":\"Infotilaisuus ja Osuuskunnan vuosikokous\"}]},{\"@type\":\"WebSite\",\"@id\":\"https:\/\/kuitu16.fi\/#website\",\"url\":\"https:\/\/kuitu16.fi\/\",\"name\":\"Kuitu16\",\"description\":\"Monnin nopea valokuituverkko\",\"potentialAction\":[{\"@type\":\"SearchAction\",\"target\":{\"@type\":\"EntryPoint\",\"urlTemplate\":\"https:\/\/kuitu16.fi\/?s={search_term_string}\"},\"query-input\":{\"@type\":\"PropertyValueSpecification\",\"valueRequired\":true,\"valueName\":\"search_term_string\"}}],\"inLanguage\":\"en-US\"},{\"@type\":\"Person\",\"@id\":\"https:\/\/kuitu16.fi\/#\/schema\/person\/dacf551cd5f6119679f6cd7eefc81388\",\"name\":\"Joose Luukkanen\",\"image\":{\"@type\":\"ImageObject\",\"inLanguage\":\"en-US\",\"@id\":\"https:\/\/kuitu16.fi\/#\/schema\/person\/image\/\",\"url\":\"https:\/\/secure.gravatar.com\/avatar\/72481935a7596fa7f1462b6cd71f098a78c537f3803c93409e4ca84cdabaafd0?s=96&d=mm&r=g\",\"contentUrl\":\"https:\/\/secure.gravatar.com\/avatar\/72481935a7596fa7f1462b6cd71f098a78c537f3803c93409e4ca84cdabaafd0?s=96&d=mm&r=g\",\"caption\":\"Joose Luukkanen\"},\"url\":\"https:\/\/kuitu16.fi\/index.php\/author\/jl\/\"}]}<\/script>\n<!-- \/ Yoast SEO plugin. -->","yoast_head_json":{"title":"Infotilaisuus ja Osuuskunnan vuosikokous - Kuitu16","robots":{"index":"index","follow":"follow","max-snippet":"max-snippet:-1","max-image-preview":"max-image-preview:large","max-video-preview":"max-video-preview:-1"},"canonical":"https:\/\/kuitu16.fi\/index.php\/2017\/04\/28\/infotilaisuus-ja-osuuskunnan-vuosikokous\/","og_locale":"en_US","og_type":"article","og_title":"Infotilaisuus ja Osuuskunnan vuosikokous - Kuitu16","og_description":"Torstaina pidettiin sek\u00e4 osuuskunnan s\u00e4\u00e4nt\u00f6m\u00e4\u00e4r\u00e4inen vuosikokous, ett\u00e4 yleinen infotilaisuus hankkeeseen liittyen. Osuuskunnan kokous Osuuskunnan kokouksessa vahvistettiin edellisen tilikauden tilinp\u00e4\u00e4t\u00f6s sek\u00e4&hellip;","og_url":"https:\/\/kuitu16.fi\/index.php\/2017\/04\/28\/infotilaisuus-ja-osuuskunnan-vuosikokous\/","og_site_name":"Kuitu16","article_published_time":"2017-04-28T19:21:51+00:00","og_image":[{"width":1920,"height":1440,"url":"https:\/\/kuitu16.fi\/wpkansio\/wp-content\/uploads\/2017\/04\/info.jpg","type":"image\/jpeg"}],"author":"Joose Luukkanen","twitter_card":"summary_large_image","twitter_misc":{"Written by":"Joose Luukkanen","Est. reading time":"2 minutes"},"schema":{"@context":"https:\/\/schema.org","@graph":[{"@type":"Article","@id":"https:\/\/kuitu16.fi\/index.php\/2017\/04\/28\/infotilaisuus-ja-osuuskunnan-vuosikokous\/#article","isPartOf":{"@id":"https:\/\/kuitu16.fi\/index.php\/2017\/04\/28\/infotilaisuus-ja-osuuskunnan-vuosikokous\/"},"author":{"name":"Joose Luukkanen","@id":"https:\/\/kuitu16.fi\/#\/schema\/person\/dacf551cd5f6119679f6cd7eefc81388"},"headline":"Infotilaisuus ja Osuuskunnan vuosikokous","datePublished":"2017-04-28T19:21:51+00:00","mainEntityOfPage":{"@id":"https:\/\/kuitu16.fi\/index.php\/2017\/04\/28\/infotilaisuus-ja-osuuskunnan-vuosikokous\/"},"wordCount":307,"commentCount":0,"image":{"@id":"https:\/\/kuitu16.fi\/index.php\/2017\/04\/28\/infotilaisuus-ja-osuuskunnan-vuosikokous\/#primaryimage"},"thumbnailUrl":"https:\/\/kuitu16.fi\/wpkansio\/wp-content\/uploads\/2017\/04\/info.jpg","articleSection":["uutiset"],"inLanguage":"en-US","potentialAction":[{"@type":"CommentAction","name":"Comment","target":["https:\/\/kuitu16.fi\/index.php\/2017\/04\/28\/infotilaisuus-ja-osuuskunnan-vuosikokous\/#respond"]}]},{"@type":"WebPage","@id":"https:\/\/kuitu16.fi\/index.php\/2017\/04\/28\/infotilaisuus-ja-osuuskunnan-vuosikokous\/","url":"https:\/\/kuitu16.fi\/index.php\/2017\/04\/28\/infotilaisuus-ja-osuuskunnan-vuosikokous\/","name":"Infotilaisuus ja Osuuskunnan vuosikokous - Kuitu16","isPartOf":{"@id":"https:\/\/kuitu16.fi\/#website"},"primaryImageOfPage":{"@id":"https:\/\/kuitu16.fi\/index.php\/2017\/04\/28\/infotilaisuus-ja-osuuskunnan-vuosikokous\/#primaryimage"},"image":{"@id":"https:\/\/kuitu16.fi\/index.php\/2017\/04\/28\/infotilaisuus-ja-osuuskunnan-vuosikokous\/#primaryimage"},"thumbnailUrl":"https:\/\/kuitu16.fi\/wpkansio\/wp-content\/uploads\/2017\/04\/info.jpg","datePublished":"2017-04-28T19:21:51+00:00","author":{"@id":"https:\/\/kuitu16.fi\/#\/schema\/person\/dacf551cd5f6119679f6cd7eefc81388"},"breadcrumb":{"@id":"https:\/\/kuitu16.fi\/index.php\/2017\/04\/28\/infotilaisuus-ja-osuuskunnan-vuosikokous\/#breadcrumb"},"inLanguage":"en-US","potentialAction":[{"@type":"ReadAction","target":["https:\/\/kuitu16.fi\/index.php\/2017\/04\/28\/infotilaisuus-ja-osuuskunnan-vuosikokous\/"]}]},{"@type":"ImageObject","inLanguage":"en-US","@id":"https:\/\/kuitu16.fi\/index.php\/2017\/04\/28\/infotilaisuus-ja-osuuskunnan-vuosikokous\/#primaryimage","url":"https:\/\/kuitu16.fi\/wpkansio\/wp-content\/uploads\/2017\/04\/info.jpg","contentUrl":"https:\/\/kuitu16.fi\/wpkansio\/wp-content\/uploads\/2017\/04\/info.jpg","width":1920,"height":1440},{"@type":"BreadcrumbList","@id":"https:\/\/kuitu16.fi\/index.php\/2017\/04\/28\/infotilaisuus-ja-osuuskunnan-vuosikokous\/#breadcrumb","itemListElement":[{"@type":"ListItem","position":1,"name":"Home","item":"https:\/\/kuitu16.fi\/"},{"@type":"ListItem","position":2,"name":"Infotilaisuus ja Osuuskunnan vuosikokous"}]},{"@type":"WebSite","@id":"https:\/\/kuitu16.fi\/#website","url":"https:\/\/kuitu16.fi\/","name":"Kuitu16","description":"Monnin nopea valokuituverkko","potentialAction":[{"@type":"SearchAction","target":{"@type":"EntryPoint","urlTemplate":"https:\/\/kuitu16.fi\/?s={search_term_string}"},"query-input":{"@type":"PropertyValueSpecification","valueRequired":true,"valueName":"search_term_string"}}],"inLanguage":"en-US"},{"@type":"Person","@id":"https:\/\/kuitu16.fi\/#\/schema\/person\/dacf551cd5f6119679f6cd7eefc81388","name":"Joose Luukkanen","image":{"@type":"ImageObject","inLanguage":"en-US","@id":"https:\/\/kuitu16.fi\/#\/schema\/person\/image\/","url":"https:\/\/secure.gravatar.com\/avatar\/72481935a7596fa7f1462b6cd71f098a78c537f3803c93409e4ca84cdabaafd0?s=96&d=mm&r=g","contentUrl":"https:\/\/secure.gravatar.com\/avatar\/72481935a7596fa7f1462b6cd71f098a78c537f3803c93409e4ca84cdabaafd0?s=96&d=mm&r=g","caption":"Joose Luukkanen"},"url":"https:\/\/kuitu16.fi\/index.php\/author\/jl\/"}]}},"_links":{"self":[{"href":"https:\/\/kuitu16.fi\/index.php\/wp-json\/wp\/v2\/posts\/129","targetHints":{"allow":["GET"]}}],"collection":[{"href":"https:\/\/kuitu16.fi\/index.php\/wp-json\/wp\/v2\/posts"}],"about":[{"href":"https:\/\/kuitu16.fi\/index.php\/wp-json\/wp\/v2\/types\/post"}],"author":[{"embeddable":true,"href":"https:\/\/kuitu16.fi\/index.php\/wp-json\/wp\/v2\/users\/1"}],"replies":[{"embeddable":true,"href":"https:\/\/kuitu16.fi\/index.php\/wp-json\/wp\/v2\/comments?post=129"}],"version-history":[{"count":4,"href":"https:\/\/kuitu16.fi\/index.php\/wp-json\/wp\/v2\/posts\/129\/revisions"}],"predecessor-version":[{"id":135,"href":"https:\/\/kuitu16.fi\/index.php\/wp-json\/wp\/v2\/posts\/129\/revisions\/135"}],"wp:featuredmedia":[{"embeddable":true,"href":"https:\/\/kuitu16.fi\/index.php\/wp-json\/wp\/v2\/media\/134"}],"wp:attachment":[{"href":"https:\/\/kuitu16.fi\/index.php\/wp-json\/wp\/v2\/media?parent=129"}],"wp:term":[{"taxonomy":"category","embeddable":true,"href":"https:\/\/kuitu16.fi\/index.php\/wp-json\/wp\/v2\/categories?post=129"},{"taxonomy":"post_tag","embeddable":true,"href":"https:\/\/kuitu16.fi\/index.php\/wp-json\/wp\/v2\/tags?post=129"}],"curies":[{"name":"wp","href":"https:\/\/api.w.org\/{rel}","templated":true}]}}