{"id":252,"date":"2017-07-29T21:23:53","date_gmt":"2017-07-29T21:23:53","guid":{"rendered":"https:\/\/kuitu16.fi\/?p=252"},"modified":"2017-07-29T21:33:23","modified_gmt":"2017-07-29T21:33:23","slug":"kuitu16-kyltit-leviavat-monniin-ensi-viikolla","status":"publish","type":"post","link":"https:\/\/kuitu16.fi\/index.php\/2017\/07\/29\/kuitu16-kyltit-leviavat-monniin-ensi-viikolla\/","title":{"rendered":"Kuitu16 kyltit levi\u00e4v\u00e4t Monniin ensi viikolla"},"content":{"rendered":"<p><img loading=\"lazy\" decoding=\"async\" class=\"alignnone size-full wp-image-253\" src=\"https:\/\/kuitu16.fi\/wpkansio\/wp-content\/uploads\/2017\/07\/kyltti.jpg\" alt=\"kyltti\" width=\"900\" height=\"1200\" srcset=\"https:\/\/kuitu16.fi\/wpkansio\/wp-content\/uploads\/2017\/07\/kyltti.jpg 900w, https:\/\/kuitu16.fi\/wpkansio\/wp-content\/uploads\/2017\/07\/kyltti-225x300.jpg 225w, https:\/\/kuitu16.fi\/wpkansio\/wp-content\/uploads\/2017\/07\/kyltti-768x1024.jpg 768w, https:\/\/kuitu16.fi\/wpkansio\/wp-content\/uploads\/2017\/07\/kyltti-700x933.jpg 700w\" sizes=\"auto, (max-width: 900px) 100vw, 900px\" \/><\/p>\n<p>Kuitu16 -kyltit jaetaan tilanneille elokuun ensimm\u00e4isen viikon aikana.<\/p>\n<p>Jos naapurilla ei viel\u00e4 n\u00e4y kyltti\u00e4, kannattaa valokuidun tarpeellisuus ottaa puheeksi&#8230;<\/p>\n<h3>Onko kysytt\u00e4v\u00e4\u00e4?<\/h3>\n<p>Mik\u00e4li jokin asia askarruttaa valokuituun liittyen, niin kysy! Julkaisemme kysymykset ja vastaukset t\u00e4ll\u00e4 sivulla, sek\u00e4 Kuitu16-facebook ryhm\u00e4ss\u00e4.<\/p>\n[contact-form-7 id=&#8221;255&#8243; title=&#8221;Kysy mit\u00e4 vaan&#8221;]\n","protected":false},"excerpt":{"rendered":"<p>Kuitu16 -kyltit jaetaan tilanneille elokuun ensimm\u00e4isen viikon aikana. Jos naapurilla ei viel\u00e4 n\u00e4y kyltti\u00e4, kannattaa valokuidun tarpeellisuus ottaa puheeksi&#8230; Onko&hellip;<\/p>\n","protected":false},"author":1,"featured_media":0,"comment_status":"open","ping_status":"open","sticky":false,"template":"","format":"standard","meta":{"footnotes":""},"categories":[9,8],"tags":[],"class_list":["post-252","post","type-post","status-publish","format-standard","hentry","category-liittymamyynti","category-rakentaminen"],"yoast_head":"<!-- This site is optimized with the Yoast SEO plugin v27.1.1 - https:\/\/yoast.com\/product\/yoast-seo-wordpress\/ -->\n<title>Kuitu16 kyltit levi\u00e4v\u00e4t Monniin ensi viikolla - Kuitu16<\/title>\n<meta name=\"robots\" content=\"index, follow, max-snippet:-1, max-image-preview:large, max-video-preview:-1\" \/>\n<link rel=\"canonical\" href=\"https:\/\/kuitu16.fi\/index.php\/2017\/07\/29\/kuitu16-kyltit-leviavat-monniin-ensi-viikolla\/\" \/>\n<meta property=\"og:locale\" content=\"en_US\" \/>\n<meta property=\"og:type\" content=\"article\" \/>\n<meta property=\"og:title\" content=\"Kuitu16 kyltit levi\u00e4v\u00e4t Monniin ensi viikolla - Kuitu16\" \/>\n<meta property=\"og:description\" content=\"Kuitu16 -kyltit jaetaan tilanneille elokuun ensimm\u00e4isen viikon aikana. Jos naapurilla ei viel\u00e4 n\u00e4y kyltti\u00e4, kannattaa valokuidun tarpeellisuus ottaa puheeksi&#8230; Onko&hellip;\" \/>\n<meta property=\"og:url\" content=\"https:\/\/kuitu16.fi\/index.php\/2017\/07\/29\/kuitu16-kyltit-leviavat-monniin-ensi-viikolla\/\" \/>\n<meta property=\"og:site_name\" content=\"Kuitu16\" \/>\n<meta property=\"article:published_time\" content=\"2017-07-29T21:23:53+00:00\" \/>\n<meta property=\"article:modified_time\" content=\"2017-07-29T21:33:23+00:00\" \/>\n<meta property=\"og:image\" content=\"https:\/\/kuitu16.fi\/wpkansio\/wp-content\/uploads\/2017\/07\/kyltti.jpg\" \/>\n<meta name=\"author\" content=\"Joose Luukkanen\" \/>\n<meta name=\"twitter:card\" content=\"summary_large_image\" \/>\n<meta name=\"twitter:label1\" content=\"Written by\" \/>\n\t<meta name=\"twitter:data1\" content=\"Joose Luukkanen\" \/>\n<script type=\"application\/ld+json\" class=\"yoast-schema-graph\">{\"@context\":\"https:\/\/schema.org\",\"@graph\":[{\"@type\":\"Article\",\"@id\":\"https:\/\/kuitu16.fi\/index.php\/2017\/07\/29\/kuitu16-kyltit-leviavat-monniin-ensi-viikolla\/#article\",\"isPartOf\":{\"@id\":\"https:\/\/kuitu16.fi\/index.php\/2017\/07\/29\/kuitu16-kyltit-leviavat-monniin-ensi-viikolla\/\"},\"author\":{\"name\":\"Joose Luukkanen\",\"@id\":\"https:\/\/kuitu16.fi\/#\/schema\/person\/dacf551cd5f6119679f6cd7eefc81388\"},\"headline\":\"Kuitu16 kyltit levi\u00e4v\u00e4t Monniin ensi viikolla\",\"datePublished\":\"2017-07-29T21:23:53+00:00\",\"dateModified\":\"2017-07-29T21:33:23+00:00\",\"mainEntityOfPage\":{\"@id\":\"https:\/\/kuitu16.fi\/index.php\/2017\/07\/29\/kuitu16-kyltit-leviavat-monniin-ensi-viikolla\/\"},\"wordCount\":59,\"commentCount\":0,\"image\":{\"@id\":\"https:\/\/kuitu16.fi\/index.php\/2017\/07\/29\/kuitu16-kyltit-leviavat-monniin-ensi-viikolla\/#primaryimage\"},\"thumbnailUrl\":\"https:\/\/kuitu16.fi\/wpkansio\/wp-content\/uploads\/2017\/07\/kyltti.jpg\",\"articleSection\":[\"liittym\u00e4myynti\",\"rakentaminen\"],\"inLanguage\":\"en-US\",\"potentialAction\":[{\"@type\":\"CommentAction\",\"name\":\"Comment\",\"target\":[\"https:\/\/kuitu16.fi\/index.php\/2017\/07\/29\/kuitu16-kyltit-leviavat-monniin-ensi-viikolla\/#respond\"]}]},{\"@type\":\"WebPage\",\"@id\":\"https:\/\/kuitu16.fi\/index.php\/2017\/07\/29\/kuitu16-kyltit-leviavat-monniin-ensi-viikolla\/\",\"url\":\"https:\/\/kuitu16.fi\/index.php\/2017\/07\/29\/kuitu16-kyltit-leviavat-monniin-ensi-viikolla\/\",\"name\":\"Kuitu16 kyltit levi\u00e4v\u00e4t Monniin ensi viikolla - Kuitu16\",\"isPartOf\":{\"@id\":\"https:\/\/kuitu16.fi\/#website\"},\"primaryImageOfPage\":{\"@id\":\"https:\/\/kuitu16.fi\/index.php\/2017\/07\/29\/kuitu16-kyltit-leviavat-monniin-ensi-viikolla\/#primaryimage\"},\"image\":{\"@id\":\"https:\/\/kuitu16.fi\/index.php\/2017\/07\/29\/kuitu16-kyltit-leviavat-monniin-ensi-viikolla\/#primaryimage\"},\"thumbnailUrl\":\"https:\/\/kuitu16.fi\/wpkansio\/wp-content\/uploads\/2017\/07\/kyltti.jpg\",\"datePublished\":\"2017-07-29T21:23:53+00:00\",\"dateModified\":\"2017-07-29T21:33:23+00:00\",\"author\":{\"@id\":\"https:\/\/kuitu16.fi\/#\/schema\/person\/dacf551cd5f6119679f6cd7eefc81388\"},\"breadcrumb\":{\"@id\":\"https:\/\/kuitu16.fi\/index.php\/2017\/07\/29\/kuitu16-kyltit-leviavat-monniin-ensi-viikolla\/#breadcrumb\"},\"inLanguage\":\"en-US\",\"potentialAction\":[{\"@type\":\"ReadAction\",\"target\":[\"https:\/\/kuitu16.fi\/index.php\/2017\/07\/29\/kuitu16-kyltit-leviavat-monniin-ensi-viikolla\/\"]}]},{\"@type\":\"ImageObject\",\"inLanguage\":\"en-US\",\"@id\":\"https:\/\/kuitu16.fi\/index.php\/2017\/07\/29\/kuitu16-kyltit-leviavat-monniin-ensi-viikolla\/#primaryimage\",\"url\":\"https:\/\/kuitu16.fi\/wpkansio\/wp-content\/uploads\/2017\/07\/kyltti.jpg\",\"contentUrl\":\"https:\/\/kuitu16.fi\/wpkansio\/wp-content\/uploads\/2017\/07\/kyltti.jpg\",\"width\":900,\"height\":1200},{\"@type\":\"BreadcrumbList\",\"@id\":\"https:\/\/kuitu16.fi\/index.php\/2017\/07\/29\/kuitu16-kyltit-leviavat-monniin-ensi-viikolla\/#breadcrumb\",\"itemListElement\":[{\"@type\":\"ListItem\",\"position\":1,\"name\":\"Home\",\"item\":\"https:\/\/kuitu16.fi\/\"},{\"@type\":\"ListItem\",\"position\":2,\"name\":\"Kuitu16 kyltit levi\u00e4v\u00e4t Monniin ensi viikolla\"}]},{\"@type\":\"WebSite\",\"@id\":\"https:\/\/kuitu16.fi\/#website\",\"url\":\"https:\/\/kuitu16.fi\/\",\"name\":\"Kuitu16\",\"description\":\"Monnin nopea valokuituverkko\",\"potentialAction\":[{\"@type\":\"SearchAction\",\"target\":{\"@type\":\"EntryPoint\",\"urlTemplate\":\"https:\/\/kuitu16.fi\/?s={search_term_string}\"},\"query-input\":{\"@type\":\"PropertyValueSpecification\",\"valueRequired\":true,\"valueName\":\"search_term_string\"}}],\"inLanguage\":\"en-US\"},{\"@type\":\"Person\",\"@id\":\"https:\/\/kuitu16.fi\/#\/schema\/person\/dacf551cd5f6119679f6cd7eefc81388\",\"name\":\"Joose Luukkanen\",\"image\":{\"@type\":\"ImageObject\",\"inLanguage\":\"en-US\",\"@id\":\"https:\/\/kuitu16.fi\/#\/schema\/person\/image\/\",\"url\":\"https:\/\/secure.gravatar.com\/avatar\/72481935a7596fa7f1462b6cd71f098a78c537f3803c93409e4ca84cdabaafd0?s=96&d=mm&r=g\",\"contentUrl\":\"https:\/\/secure.gravatar.com\/avatar\/72481935a7596fa7f1462b6cd71f098a78c537f3803c93409e4ca84cdabaafd0?s=96&d=mm&r=g\",\"caption\":\"Joose Luukkanen\"},\"url\":\"https:\/\/kuitu16.fi\/index.php\/author\/jl\/\"}]}<\/script>\n<!-- \/ Yoast SEO plugin. -->","yoast_head_json":{"title":"Kuitu16 kyltit levi\u00e4v\u00e4t Monniin ensi viikolla - Kuitu16","robots":{"index":"index","follow":"follow","max-snippet":"max-snippet:-1","max-image-preview":"max-image-preview:large","max-video-preview":"max-video-preview:-1"},"canonical":"https:\/\/kuitu16.fi\/index.php\/2017\/07\/29\/kuitu16-kyltit-leviavat-monniin-ensi-viikolla\/","og_locale":"en_US","og_type":"article","og_title":"Kuitu16 kyltit levi\u00e4v\u00e4t Monniin ensi viikolla - Kuitu16","og_description":"Kuitu16 -kyltit jaetaan tilanneille elokuun ensimm\u00e4isen viikon aikana. Jos naapurilla ei viel\u00e4 n\u00e4y kyltti\u00e4, kannattaa valokuidun tarpeellisuus ottaa puheeksi&#8230; Onko&hellip;","og_url":"https:\/\/kuitu16.fi\/index.php\/2017\/07\/29\/kuitu16-kyltit-leviavat-monniin-ensi-viikolla\/","og_site_name":"Kuitu16","article_published_time":"2017-07-29T21:23:53+00:00","article_modified_time":"2017-07-29T21:33:23+00:00","og_image":[{"url":"https:\/\/kuitu16.fi\/wpkansio\/wp-content\/uploads\/2017\/07\/kyltti.jpg","type":"","width":"","height":""}],"author":"Joose Luukkanen","twitter_card":"summary_large_image","twitter_misc":{"Written by":"Joose Luukkanen"},"schema":{"@context":"https:\/\/schema.org","@graph":[{"@type":"Article","@id":"https:\/\/kuitu16.fi\/index.php\/2017\/07\/29\/kuitu16-kyltit-leviavat-monniin-ensi-viikolla\/#article","isPartOf":{"@id":"https:\/\/kuitu16.fi\/index.php\/2017\/07\/29\/kuitu16-kyltit-leviavat-monniin-ensi-viikolla\/"},"author":{"name":"Joose Luukkanen","@id":"https:\/\/kuitu16.fi\/#\/schema\/person\/dacf551cd5f6119679f6cd7eefc81388"},"headline":"Kuitu16 kyltit levi\u00e4v\u00e4t Monniin ensi viikolla","datePublished":"2017-07-29T21:23:53+00:00","dateModified":"2017-07-29T21:33:23+00:00","mainEntityOfPage":{"@id":"https:\/\/kuitu16.fi\/index.php\/2017\/07\/29\/kuitu16-kyltit-leviavat-monniin-ensi-viikolla\/"},"wordCount":59,"commentCount":0,"image":{"@id":"https:\/\/kuitu16.fi\/index.php\/2017\/07\/29\/kuitu16-kyltit-leviavat-monniin-ensi-viikolla\/#primaryimage"},"thumbnailUrl":"https:\/\/kuitu16.fi\/wpkansio\/wp-content\/uploads\/2017\/07\/kyltti.jpg","articleSection":["liittym\u00e4myynti","rakentaminen"],"inLanguage":"en-US","potentialAction":[{"@type":"CommentAction","name":"Comment","target":["https:\/\/kuitu16.fi\/index.php\/2017\/07\/29\/kuitu16-kyltit-leviavat-monniin-ensi-viikolla\/#respond"]}]},{"@type":"WebPage","@id":"https:\/\/kuitu16.fi\/index.php\/2017\/07\/29\/kuitu16-kyltit-leviavat-monniin-ensi-viikolla\/","url":"https:\/\/kuitu16.fi\/index.php\/2017\/07\/29\/kuitu16-kyltit-leviavat-monniin-ensi-viikolla\/","name":"Kuitu16 kyltit levi\u00e4v\u00e4t Monniin ensi viikolla - Kuitu16","isPartOf":{"@id":"https:\/\/kuitu16.fi\/#website"},"primaryImageOfPage":{"@id":"https:\/\/kuitu16.fi\/index.php\/2017\/07\/29\/kuitu16-kyltit-leviavat-monniin-ensi-viikolla\/#primaryimage"},"image":{"@id":"https:\/\/kuitu16.fi\/index.php\/2017\/07\/29\/kuitu16-kyltit-leviavat-monniin-ensi-viikolla\/#primaryimage"},"thumbnailUrl":"https:\/\/kuitu16.fi\/wpkansio\/wp-content\/uploads\/2017\/07\/kyltti.jpg","datePublished":"2017-07-29T21:23:53+00:00","dateModified":"2017-07-29T21:33:23+00:00","author":{"@id":"https:\/\/kuitu16.fi\/#\/schema\/person\/dacf551cd5f6119679f6cd7eefc81388"},"breadcrumb":{"@id":"https:\/\/kuitu16.fi\/index.php\/2017\/07\/29\/kuitu16-kyltit-leviavat-monniin-ensi-viikolla\/#breadcrumb"},"inLanguage":"en-US","potentialAction":[{"@type":"ReadAction","target":["https:\/\/kuitu16.fi\/index.php\/2017\/07\/29\/kuitu16-kyltit-leviavat-monniin-ensi-viikolla\/"]}]},{"@type":"ImageObject","inLanguage":"en-US","@id":"https:\/\/kuitu16.fi\/index.php\/2017\/07\/29\/kuitu16-kyltit-leviavat-monniin-ensi-viikolla\/#primaryimage","url":"https:\/\/kuitu16.fi\/wpkansio\/wp-content\/uploads\/2017\/07\/kyltti.jpg","contentUrl":"https:\/\/kuitu16.fi\/wpkansio\/wp-content\/uploads\/2017\/07\/kyltti.jpg","width":900,"height":1200},{"@type":"BreadcrumbList","@id":"https:\/\/kuitu16.fi\/index.php\/2017\/07\/29\/kuitu16-kyltit-leviavat-monniin-ensi-viikolla\/#breadcrumb","itemListElement":[{"@type":"ListItem","position":1,"name":"Home","item":"https:\/\/kuitu16.fi\/"},{"@type":"ListItem","position":2,"name":"Kuitu16 kyltit levi\u00e4v\u00e4t Monniin ensi viikolla"}]},{"@type":"WebSite","@id":"https:\/\/kuitu16.fi\/#website","url":"https:\/\/kuitu16.fi\/","name":"Kuitu16","description":"Monnin nopea valokuituverkko","potentialAction":[{"@type":"SearchAction","target":{"@type":"EntryPoint","urlTemplate":"https:\/\/kuitu16.fi\/?s={search_term_string}"},"query-input":{"@type":"PropertyValueSpecification","valueRequired":true,"valueName":"search_term_string"}}],"inLanguage":"en-US"},{"@type":"Person","@id":"https:\/\/kuitu16.fi\/#\/schema\/person\/dacf551cd5f6119679f6cd7eefc81388","name":"Joose Luukkanen","image":{"@type":"ImageObject","inLanguage":"en-US","@id":"https:\/\/kuitu16.fi\/#\/schema\/person\/image\/","url":"https:\/\/secure.gravatar.com\/avatar\/72481935a7596fa7f1462b6cd71f098a78c537f3803c93409e4ca84cdabaafd0?s=96&d=mm&r=g","contentUrl":"https:\/\/secure.gravatar.com\/avatar\/72481935a7596fa7f1462b6cd71f098a78c537f3803c93409e4ca84cdabaafd0?s=96&d=mm&r=g","caption":"Joose Luukkanen"},"url":"https:\/\/kuitu16.fi\/index.php\/author\/jl\/"}]}},"_links":{"self":[{"href":"https:\/\/kuitu16.fi\/index.php\/wp-json\/wp\/v2\/posts\/252","targetHints":{"allow":["GET"]}}],"collection":[{"href":"https:\/\/kuitu16.fi\/index.php\/wp-json\/wp\/v2\/posts"}],"about":[{"href":"https:\/\/kuitu16.fi\/index.php\/wp-json\/wp\/v2\/types\/post"}],"author":[{"embeddable":true,"href":"https:\/\/kuitu16.fi\/index.php\/wp-json\/wp\/v2\/users\/1"}],"replies":[{"embeddable":true,"href":"https:\/\/kuitu16.fi\/index.php\/wp-json\/wp\/v2\/comments?post=252"}],"version-history":[{"count":3,"href":"https:\/\/kuitu16.fi\/index.php\/wp-json\/wp\/v2\/posts\/252\/revisions"}],"predecessor-version":[{"id":257,"href":"https:\/\/kuitu16.fi\/index.php\/wp-json\/wp\/v2\/posts\/252\/revisions\/257"}],"wp:attachment":[{"href":"https:\/\/kuitu16.fi\/index.php\/wp-json\/wp\/v2\/media?parent=252"}],"wp:term":[{"taxonomy":"category","embeddable":true,"href":"https:\/\/kuitu16.fi\/index.php\/wp-json\/wp\/v2\/categories?post=252"},{"taxonomy":"post_tag","embeddable":true,"href":"https:\/\/kuitu16.fi\/index.php\/wp-json\/wp\/v2\/tags?post=252"}],"curies":[{"name":"wp","href":"https:\/\/api.w.org\/{rel}","templated":true}]}}